{"id":16934,"date":"2013-06-08T09:11:27","date_gmt":"2013-06-08T07:11:27","guid":{"rendered":"https:\/\/tax-austria.at\/?p=16934"},"modified":"2024-10-25T19:02:39","modified_gmt":"2024-10-25T17:02:39","slug":"envio-de-personal-al-y-dese-el-exterior-expatriados","status":"publish","type":"post","link":"https:\/\/tax-austria.at\/es\/envio-de-personal-al-y-dese-el-exterior-expatriados\/","title":{"rendered":"ENVIO DE PERSONAL AL Y DESE EL EXTERIOR. EXPATRIADOS"},"content":{"rendered":"\r\n\r\n\r\n<p>\u00bfSu empresa quiere <strong>enviar empleados al extranjero<\/strong> o quiere <strong>emplear personal extranjero en Austria<\/strong>?<\/p>\r\n\r\n\r\n\r\n<p>\u00bfO <strong>es usted un empleado que ser\u00eda enviado a Austria o de Austria al exterior<\/strong>?.<\/p>\r\n\r\n\r\n\r\n<p>Entonces usted est\u00e1 aqu\u00ed con nosotros en el lugar correcto. Le aconsejamos sobre el marco jur\u00eddico vigente y tomamos todas las medidas necesarias para asegurar que el traslado de personal se maneja <strong>legalmente<\/strong> y sea compatible en t\u00e9rminos de <strong>derechos laboral, social y fiscal<\/strong>.<\/p>\r\n\r\n\r\n\r\n<p>P\u00f3ngase en contacto con nosotros para concertar una cita! \u2192 <a title=\"Terminvereinbarung\" href=\"https:\/\/tax-austria.at\/es\/citas\/\">Citas<\/a><\/p>","protected":false},"excerpt":{"rendered":"<p>\u00bfSu empresa quiere enviar empleados al extranjero o quiere emplear personal extranjero en Austria? \u00bfO es usted un empleado que ser\u00eda enviado a Austria o de Austria al exterior?. Entonces usted est\u00e1 aqu\u00ed con nosotros en el lugar correcto. Le aconsejamos sobre el marco jur\u00eddico vigente y tomamos todas las medidas necesarias para asegurar que&hellip;&nbsp;<\/p>\n","protected":false},"author":7,"featured_media":14337,"comment_status":"closed","ping_status":"closed","sticky":false,"template":"","format":"standard","meta":{"neve_meta_sidebar":"","neve_meta_container":"","neve_meta_enable_content_width":"off","neve_meta_content_width":100,"neve_meta_title_alignment":"","neve_meta_author_avatar":"","neve_post_elements_order":"","neve_meta_disable_header":"","neve_meta_disable_footer":"","neve_meta_disable_title":"","neve_meta_reading_time":"","_themeisle_gutenberg_block_has_review":false,"_ti_tpc_template_sync":false,"_ti_tpc_template_id":"","footnotes":""},"categories":[219,211],"tags":[],"class_list":["post-16934","post","type-post","status-publish","format-standard","has-post-thumbnail","hentry","category-tax-austria-es","category-sin-categorizar"],"_links":{"self":[{"href":"https:\/\/tax-austria.at\/es\/wp-json\/wp\/v2\/posts\/16934","targetHints":{"allow":["GET"]}}],"collection":[{"href":"https:\/\/tax-austria.at\/es\/wp-json\/wp\/v2\/posts"}],"about":[{"href":"https:\/\/tax-austria.at\/es\/wp-json\/wp\/v2\/types\/post"}],"author":[{"embeddable":true,"href":"https:\/\/tax-austria.at\/es\/wp-json\/wp\/v2\/users\/7"}],"replies":[{"embeddable":true,"href":"https:\/\/tax-austria.at\/es\/wp-json\/wp\/v2\/comments?post=16934"}],"version-history":[{"count":4,"href":"https:\/\/tax-austria.at\/es\/wp-json\/wp\/v2\/posts\/16934\/revisions"}],"predecessor-version":[{"id":21328,"href":"https:\/\/tax-austria.at\/es\/wp-json\/wp\/v2\/posts\/16934\/revisions\/21328"}],"wp:featuredmedia":[{"embeddable":true,"href":"https:\/\/tax-austria.at\/es\/wp-json\/wp\/v2\/media\/14337"}],"wp:attachment":[{"href":"https:\/\/tax-austria.at\/es\/wp-json\/wp\/v2\/media?parent=16934"}],"wp:term":[{"taxonomy":"category","embeddable":true,"href":"https:\/\/tax-austria.at\/es\/wp-json\/wp\/v2\/categories?post=16934"},{"taxonomy":"post_tag","embeddable":true,"href":"https:\/\/tax-austria.at\/es\/wp-json\/wp\/v2\/tags?post=16934"}],"curies":[{"name":"wp","href":"https:\/\/api.w.org\/{rel}","templated":true}]}}